{"id":3080,"date":"2025-06-19T10:50:52","date_gmt":"2025-06-19T08:50:52","guid":{"rendered":"https:\/\/giteduprinas.com\/?p=3080"},"modified":"2025-06-19T10:52:42","modified_gmt":"2025-06-19T08:52:42","slug":"activites-sportives-a-faire-autour-du-gite-du-prinas-rando-velo-parapente","status":"publish","type":"post","link":"https:\/\/giteduprinas.com\/index.php\/2025\/06\/19\/activites-sportives-a-faire-autour-du-gite-du-prinas-rando-velo-parapente\/","title":{"rendered":"Activit\u00e9s sportives \u00e0 faire autour du G\u00eete du Prinas : rando, v\u00e9lo, parapente"},"content":{"rendered":"\t\t<div data-elementor-type=\"wp-post\" data-elementor-id=\"3080\" class=\"elementor elementor-3080\">\n\t\t\t\t<div class=\"elementor-element elementor-element-1757859 e-con-full e-flex wpr-particle-no wpr-jarallax-no wpr-parallax-no wpr-sticky-section-no wpr-equal-height-no e-con e-parent\" data-id=\"1757859\" data-element_type=\"container\" data-e-type=\"container\">\n\t\t\t\t<div class=\"elementor-element elementor-element-70d0f54 elementor-widget elementor-widget-image\" data-id=\"70d0f54\" data-element_type=\"widget\" data-e-type=\"widget\" data-widget_type=\"image.default\">\n\t\t\t\t<div class=\"elementor-widget-container\">\n\t\t\t\t\t\t\t\t\t\t\t\t\t\t\t<img fetchpriority=\"high\" decoding=\"async\" width=\"2560\" height=\"889\" src=\"https:\/\/giteduprinas.com\/wp-content\/uploads\/2024\/07\/slideactivites.jpg\" class=\"attachment-full size-full wp-image-2406\" alt=\"\" srcset=\"https:\/\/giteduprinas.com\/wp-content\/uploads\/2024\/07\/slideactivites.jpg 2560w, https:\/\/giteduprinas.com\/wp-content\/uploads\/2024\/07\/slideactivites-300x104.jpg 300w, https:\/\/giteduprinas.com\/wp-content\/uploads\/2024\/07\/slideactivites-1024x356.jpg 1024w, https:\/\/giteduprinas.com\/wp-content\/uploads\/2024\/07\/slideactivites-768x267.jpg 768w, https:\/\/giteduprinas.com\/wp-content\/uploads\/2024\/07\/slideactivites-1536x533.jpg 1536w, https:\/\/giteduprinas.com\/wp-content\/uploads\/2024\/07\/slideactivites-2048x711.jpg 2048w\" sizes=\"(max-width: 2560px) 100vw, 2560px\" \/>\t\t\t\t\t\t\t\t\t\t\t\t\t\t\t<\/div>\n\t\t\t\t<\/div>\n\t\t\t\t<\/div>\n\t\t<div class=\"elementor-element elementor-element-ab8ede0 e-flex e-con-boxed wpr-particle-no wpr-jarallax-no wpr-parallax-no wpr-sticky-section-no wpr-equal-height-no e-con e-parent\" data-id=\"ab8ede0\" data-element_type=\"container\" data-e-type=\"container\">\n\t\t\t\t\t<div class=\"e-con-inner\">\n\t\t\t\t<div class=\"elementor-element elementor-element-663f792 elementor-widget elementor-widget-text-editor\" data-id=\"663f792\" data-element_type=\"widget\" data-e-type=\"widget\" data-widget_type=\"text-editor.default\">\n\t\t\t\t<div class=\"elementor-widget-container\">\n\t\t\t\t\t\t\t\t\t<p data-start=\"231\" data-end=\"645\">Vous \u00eates \u00e0 la recherche d\u2019un s\u00e9jour actif en pleine nature, au c\u0153ur des montagnes de l\u2019arri\u00e8re-pays ni\u00e7ois ? Le <strong data-start=\"344\" data-end=\"362\">G\u00eete du Prinas<\/strong>, situ\u00e9 \u00e0 Gr\u00e9oli\u00e8res, est le point de d\u00e9part id\u00e9al pour d\u00e9couvrir une multitude d\u2019activit\u00e9s sportives en plein air. Que vous soyez amateur de randonn\u00e9e, passionn\u00e9 de VTT ou adepte de sensations fortes avec le parapente, les alentours de notre g\u00eete vous r\u00e9servent de belles aventures.<\/p><h2 data-start=\"647\" data-end=\"724\">1. Randonn\u00e9es \u00e0 Gr\u00e9oli\u00e8res : entre nature sauvage et panoramas d\u2019exception<\/h2><p data-start=\"726\" data-end=\"995\">Les sentiers de randonn\u00e9e autour du G\u00eete du Prinas offrent un cadre pr\u00e9serv\u00e9 et spectaculaire. Situ\u00e9 aux portes du <strong data-start=\"841\" data-end=\"886\">Parc naturel r\u00e9gional des Pr\u00e9alpes d\u2019Azur<\/strong>, notre g\u00eete vous permet d\u2019acc\u00e9der facilement \u00e0 des balades accessibles comme \u00e0 des parcours plus techniques.<\/p><h3 data-start=\"997\" data-end=\"1038\">Id\u00e9es de randonn\u00e9es proches du g\u00eete :<\/h3><ul data-start=\"1039\" data-end=\"1389\"><li data-start=\"1039\" data-end=\"1139\"><p data-start=\"1041\" data-end=\"1139\"><strong data-start=\"1041\" data-end=\"1065\">Le Chemin du Paradis<\/strong> : une mont\u00e9e raide mais sublime entre Gourdon et le plateau de Cavillore.<\/p><\/li><li data-start=\"1140\" data-end=\"1239\"><p data-start=\"1142\" data-end=\"1239\"><strong data-start=\"1142\" data-end=\"1166\">Le Pic de Courmettes<\/strong> : pour un panorama \u00e0 couper le souffle sur la M\u00e9diterran\u00e9e et les Alpes.<\/p><\/li><li data-start=\"1240\" data-end=\"1389\"><p data-start=\"1242\" data-end=\"1389\"><strong data-start=\"1242\" data-end=\"1268\">La montagne de Cheiron<\/strong> : sommet embl\u00e9matique de Gr\u00e9oli\u00e8res, accessible \u00e0 pied depuis le g\u00eete, parfait pour une boucle sportive avec vue \u00e0 360\u00b0.<\/p><\/li><\/ul><p data-start=\"1391\" data-end=\"1546\">Nos h\u00f4tes appr\u00e9cient particuli\u00e8rement la diversit\u00e9 des paysages : for\u00eats de pins, cr\u00eates rocheuses, alpages fleuris et vues imprenables sur la C\u00f4te d\u2019Azur.<\/p><h2 data-start=\"1548\" data-end=\"1602\">2. V\u00e9lo et VTT : des parcours pour tous les niveaux<\/h2><p data-start=\"1604\" data-end=\"1807\">Le G\u00eete du Prinas est \u00e9galement un excellent camp de base pour les amateurs de v\u00e9lo et de VTT. Entre les <strong data-start=\"1709\" data-end=\"1742\">routes sinueuses des Pr\u00e9alpes<\/strong> et les pistes foresti\u00e8res balis\u00e9es, chacun y trouve son bonheur.<\/p><h3 data-start=\"1809\" data-end=\"1834\">Les incontournables :<\/h3><ul data-start=\"1835\" data-end=\"2188\"><li data-start=\"1835\" data-end=\"1926\"><p data-start=\"1837\" data-end=\"1926\"><strong data-start=\"1837\" data-end=\"1867\">La mont\u00e9e du col de Bleine<\/strong> (1 439 m) : un challenge appr\u00e9ci\u00e9 des cyclistes sur route.<\/p><\/li><li data-start=\"1927\" data-end=\"2078\"><p data-start=\"1929\" data-end=\"2078\"><strong data-start=\"1929\" data-end=\"1974\">Les circuits VTT de Gr\u00e9oli\u00e8res-les-Neiges<\/strong> : au d\u00e9part de la station, des boucles de tous niveaux, avec descentes ludiques et passages techniques.<\/p><\/li><li data-start=\"2079\" data-end=\"2188\"><p data-start=\"2081\" data-end=\"2188\"><strong data-start=\"2081\" data-end=\"2121\">Liaison Gr\u00e9oli\u00e8res \u2013 Andon \u2013 Thorenc<\/strong> : pour une journ\u00e9e v\u00e9lo entre villages perch\u00e9s et plateaux bois\u00e9s.<\/p><\/li><\/ul><p data-start=\"2190\" data-end=\"2315\">Des services de location de VTT \u00e9lectriques sont disponibles \u00e0 proximit\u00e9, pour ceux qui veulent explorer sans trop d\u2019effort !<\/p><h2 data-start=\"2317\" data-end=\"2377\">3. Parapente \u00e0 Gr\u00e9oli\u00e8res : voler au-dessus des montagnes<\/h2><p data-start=\"2379\" data-end=\"2644\">Gr\u00e9oli\u00e8res est un <strong data-start=\"2397\" data-end=\"2426\">site de parapente reconnu<\/strong>, accessible aux d\u00e9butants comme aux pilotes exp\u00e9riment\u00e9s. Envolez-vous depuis le <strong data-start=\"2508\" data-end=\"2527\">site du Cheiron<\/strong> ou celui du <strong data-start=\"2540\" data-end=\"2557\">Col de Bleine<\/strong>, avec une vue imprenable sur les gorges du Loup, la mer au loin et les sommets alpins.<\/p><h3 data-start=\"2646\" data-end=\"2660\">\u00c0 savoir :<\/h3><ul data-start=\"2661\" data-end=\"2969\"><li data-start=\"2661\" data-end=\"2769\"><p data-start=\"2663\" data-end=\"2769\">Des <strong data-start=\"2667\" data-end=\"2692\">bapt\u00eames en parapente<\/strong> en biplace sont propos\u00e9s par des \u00e9coles locales toute l\u2019ann\u00e9e (selon m\u00e9t\u00e9o).<\/p><\/li><li data-start=\"2770\" data-end=\"2852\"><p data-start=\"2772\" data-end=\"2852\">Le d\u00e9collage principal se situe \u00e0 quelques minutes en voiture du G\u00eete du Prinas.<\/p><\/li><li data-start=\"2853\" data-end=\"2969\"><p data-start=\"2855\" data-end=\"2969\">Vols matinaux ou en fin de journ\u00e9e pour profiter des meilleures conditions et de la lumi\u00e8re dor\u00e9e sur les reliefs.<\/p><\/li><\/ul><p data-start=\"2971\" data-end=\"3028\">Une exp\u00e9rience inoubliable \u00e0 vivre pendant votre s\u00e9jour !<\/p><hr data-start=\"3030\" data-end=\"3033\" \/><h2 data-start=\"3035\" data-end=\"3100\">Pourquoi choisir le G\u00eete du Prinas pour votre s\u00e9jour sportif ?<\/h2><p data-start=\"3102\" data-end=\"3177\">En plus de sa situation privil\u00e9gi\u00e9e, notre g\u00eete \u00e0 Gr\u00e9oli\u00e8res vous propose :<\/p><ul data-start=\"3178\" data-end=\"3416\"><li data-start=\"3178\" data-end=\"3257\"><p data-start=\"3180\" data-end=\"3257\">Un h\u00e9bergement confortable et chaleureux pour vous ressourcer apr\u00e8s l\u2019effort.<\/p><\/li><li data-start=\"3258\" data-end=\"3332\"><p data-start=\"3260\" data-end=\"3332\">Un <strong data-start=\"3263\" data-end=\"3280\">spa ext\u00e9rieur<\/strong> avec vue sur la montagne pour d\u00e9tendre vos muscles.<\/p><\/li><li data-start=\"3333\" data-end=\"3416\"><p data-start=\"3335\" data-end=\"3416\">Des conseils personnalis\u00e9s et des topos \u00e0 disposition pour organiser vos sorties.<\/p><\/li><\/ul><hr data-start=\"3418\" data-end=\"3421\" \/><h3 data-start=\"3423\" data-end=\"3481\">R\u00e9servez votre s\u00e9jour au G\u00eete du Prinas d\u00e8s maintenant<\/h3><p data-start=\"3483\" data-end=\"3649\">Envie de nature, de sport et de d\u00e9connexion ? <strong data-start=\"3529\" data-end=\"3563\">Le G\u00eete du Prinas \u00e0 Gr\u00e9oli\u00e8res<\/strong> vous accueille toute l\u2019ann\u00e9e pour un s\u00e9jour 100% outdoor au c\u0153ur des Pr\u00e9alpes d\u2019Azur.<\/p><p data-start=\"3651\" data-end=\"3825\">\ud83d\udcde <a href=\"https:\/\/giteduprinas.com\/index.php\/contact\/\">Contactez-nous<\/a> ou r\u00e9servez directement sur <a class=\"\" href=\"https:\/\/www.giteduprinas.com\" target=\"_new\" rel=\"noopener\" data-start=\"3697\" data-end=\"3749\">www.giteduprinas.com<\/a><br data-start=\"3749\" data-end=\"3752\" \/>\ud83d\udccd Localisation : Gr\u00e9oli\u00e8res, Alpes-Maritimes, Provence-Alpes-C\u00f4te d\u2019Azur<\/p>\t\t\t\t\t\t\t\t<\/div>\n\t\t\t\t<\/div>\n\t\t\t\t\t<\/div>\n\t\t\t\t<\/div>\n\t\t\t\t<\/div>\n\t\t","protected":false},"excerpt":{"rendered":"<p>Vous \u00eates \u00e0 la recherche d\u2019un s\u00e9jour actif en pleine nature, au c\u0153ur des montagnes de l\u2019arri\u00e8re-pays ni\u00e7ois ? Le G\u00eete du Prinas, situ\u00e9 \u00e0 Gr\u00e9oli\u00e8res, est le point de d\u00e9part id\u00e9al pour d\u00e9couvrir une multitude d\u2019activit\u00e9s sportives en plein air. Que vous soyez amateur de randonn\u00e9e, passionn\u00e9 de VTT ou adepte de sensations fortes avec le parapente, les alentours de notre g\u00eete vous r\u00e9servent de belles aventures. 1. Randonn\u00e9es \u00e0 Gr\u00e9oli\u00e8res : entre nature sauvage et panoramas d\u2019exception Les sentiers de randonn\u00e9e autour du G\u00eete du Prinas offrent un cadre pr\u00e9serv\u00e9 et spectaculaire. Situ\u00e9 aux portes du Parc naturel r\u00e9gional des Pr\u00e9alpes d\u2019Azur, notre g\u00eete vous permet d\u2019acc\u00e9der facilement \u00e0 des balades accessibles comme \u00e0 des parcours plus techniques. Id\u00e9es de randonn\u00e9es proches du g\u00eete : Le Chemin du Paradis : une mont\u00e9e raide mais sublime entre Gourdon et le plateau de Cavillore. Le Pic de Courmettes : pour un panorama \u00e0 couper le souffle sur la M\u00e9diterran\u00e9e et les Alpes. La montagne de Cheiron : sommet embl\u00e9matique de Gr\u00e9oli\u00e8res, accessible \u00e0 pied depuis le g\u00eete, parfait pour une boucle sportive avec vue \u00e0 360\u00b0. Nos h\u00f4tes appr\u00e9cient particuli\u00e8rement la diversit\u00e9 des paysages : for\u00eats de pins, cr\u00eates rocheuses, alpages fleuris et vues imprenables sur la C\u00f4te d\u2019Azur. 2. V\u00e9lo et VTT : des parcours pour tous les niveaux Le G\u00eete du Prinas est \u00e9galement un excellent camp de base pour les amateurs de v\u00e9lo et de VTT. Entre les routes sinueuses des Pr\u00e9alpes et les pistes foresti\u00e8res balis\u00e9es, chacun y trouve son bonheur. Les incontournables : La mont\u00e9e du col de Bleine (1 439 m) : un challenge appr\u00e9ci\u00e9 des cyclistes sur route. Les circuits VTT de Gr\u00e9oli\u00e8res-les-Neiges : au d\u00e9part de la station, des boucles de tous niveaux, avec descentes ludiques et passages techniques. Liaison Gr\u00e9oli\u00e8res \u2013 Andon \u2013 Thorenc : pour une journ\u00e9e v\u00e9lo entre villages perch\u00e9s et plateaux bois\u00e9s. Des services de location de VTT \u00e9lectriques sont disponibles \u00e0 proximit\u00e9, pour ceux qui veulent explorer sans trop d\u2019effort ! 3. Parapente \u00e0 Gr\u00e9oli\u00e8res : voler au-dessus des montagnes Gr\u00e9oli\u00e8res est un site de parapente reconnu, accessible aux d\u00e9butants comme aux pilotes exp\u00e9riment\u00e9s. Envolez-vous depuis le site du Cheiron ou celui du Col de Bleine, avec une vue imprenable sur les gorges du Loup, la mer au loin et les sommets alpins. \u00c0 savoir : Des bapt\u00eames en parapente en biplace sont propos\u00e9s par des \u00e9coles locales toute l\u2019ann\u00e9e (selon m\u00e9t\u00e9o). Le d\u00e9collage principal se situe \u00e0 quelques minutes en voiture du G\u00eete du Prinas. Vols matinaux ou en fin de journ\u00e9e pour profiter des meilleures conditions et de la lumi\u00e8re dor\u00e9e sur les reliefs. Une exp\u00e9rience inoubliable \u00e0 vivre pendant votre s\u00e9jour ! Pourquoi choisir le G\u00eete du Prinas pour votre s\u00e9jour sportif ? En plus de sa situation privil\u00e9gi\u00e9e, notre g\u00eete \u00e0 Gr\u00e9oli\u00e8res vous propose : Un h\u00e9bergement confortable et chaleureux pour vous ressourcer apr\u00e8s l\u2019effort. Un spa ext\u00e9rieur avec vue sur la montagne pour d\u00e9tendre vos muscles. Des conseils personnalis\u00e9s et des topos \u00e0 disposition pour organiser vos sorties. R\u00e9servez votre s\u00e9jour au G\u00eete du Prinas d\u00e8s maintenant Envie de nature, de sport et de d\u00e9connexion ? Le G\u00eete du Prinas \u00e0 Gr\u00e9oli\u00e8res vous accueille toute l\u2019ann\u00e9e pour un s\u00e9jour 100% outdoor au c\u0153ur des Pr\u00e9alpes d\u2019Azur. \ud83d\udcde Contactez-nous ou r\u00e9servez directement sur www.giteduprinas.com\ud83d\udccd Localisation : Gr\u00e9oli\u00e8res, Alpes-Maritimes, Provence-Alpes-C\u00f4te d\u2019Azur<\/p>\n","protected":false},"author":1,"featured_media":2088,"comment_status":"open","ping_status":"open","sticky":false,"template":"","format":"standard","meta":{"footnotes":""},"categories":[1],"tags":[],"class_list":["post-3080","post","type-post","status-publish","format-standard","has-post-thumbnail","hentry","category-non-classe"],"_links":{"self":[{"href":"https:\/\/giteduprinas.com\/index.php\/wp-json\/wp\/v2\/posts\/3080","targetHints":{"allow":["GET"]}}],"collection":[{"href":"https:\/\/giteduprinas.com\/index.php\/wp-json\/wp\/v2\/posts"}],"about":[{"href":"https:\/\/giteduprinas.com\/index.php\/wp-json\/wp\/v2\/types\/post"}],"author":[{"embeddable":true,"href":"https:\/\/giteduprinas.com\/index.php\/wp-json\/wp\/v2\/users\/1"}],"replies":[{"embeddable":true,"href":"https:\/\/giteduprinas.com\/index.php\/wp-json\/wp\/v2\/comments?post=3080"}],"version-history":[{"count":3,"href":"https:\/\/giteduprinas.com\/index.php\/wp-json\/wp\/v2\/posts\/3080\/revisions"}],"predecessor-version":[{"id":3083,"href":"https:\/\/giteduprinas.com\/index.php\/wp-json\/wp\/v2\/posts\/3080\/revisions\/3083"}],"wp:featuredmedia":[{"embeddable":true,"href":"https:\/\/giteduprinas.com\/index.php\/wp-json\/wp\/v2\/media\/2088"}],"wp:attachment":[{"href":"https:\/\/giteduprinas.com\/index.php\/wp-json\/wp\/v2\/media?parent=3080"}],"wp:term":[{"taxonomy":"category","embeddable":true,"href":"https:\/\/giteduprinas.com\/index.php\/wp-json\/wp\/v2\/categories?post=3080"},{"taxonomy":"post_tag","embeddable":true,"href":"https:\/\/giteduprinas.com\/index.php\/wp-json\/wp\/v2\/tags?post=3080"}],"curies":[{"name":"wp","href":"https:\/\/api.w.org\/{rel}","templated":true}]}}