{"id":3069,"date":"2025-06-19T10:36:53","date_gmt":"2025-06-19T08:36:53","guid":{"rendered":"https:\/\/giteduprinas.com\/?p=3069"},"modified":"2025-06-19T10:38:27","modified_gmt":"2025-06-19T08:38:27","slug":"comment-deconnecter-en-pleine-nature-3-jours-de-bien-etre-au-gite-du-prinas","status":"publish","type":"post","link":"https:\/\/giteduprinas.com\/index.php\/2025\/06\/19\/comment-deconnecter-en-pleine-nature-3-jours-de-bien-etre-au-gite-du-prinas\/","title":{"rendered":"Comment d\u00e9connecter en pleine nature : 3 jours de bien-\u00eatre au G\u00eete du Prinas"},"content":{"rendered":"\t\t<div data-elementor-type=\"wp-post\" data-elementor-id=\"3069\" class=\"elementor elementor-3069\">\n\t\t\t\t<div class=\"elementor-element elementor-element-1757859 e-con-full e-flex wpr-particle-no wpr-jarallax-no wpr-parallax-no wpr-sticky-section-no wpr-equal-height-no e-con e-parent\" data-id=\"1757859\" data-element_type=\"container\" data-e-type=\"container\">\n\t\t\t\t<div class=\"elementor-element elementor-element-70d0f54 elementor-widget elementor-widget-image\" data-id=\"70d0f54\" data-element_type=\"widget\" data-e-type=\"widget\" data-widget_type=\"image.default\">\n\t\t\t\t<div class=\"elementor-widget-container\">\n\t\t\t\t\t\t\t\t\t\t\t\t\t\t\t<img fetchpriority=\"high\" decoding=\"async\" width=\"2560\" height=\"889\" src=\"https:\/\/giteduprinas.com\/wp-content\/uploads\/2024\/07\/slideactivites.jpg\" class=\"attachment-full size-full wp-image-2406\" alt=\"\" srcset=\"https:\/\/giteduprinas.com\/wp-content\/uploads\/2024\/07\/slideactivites.jpg 2560w, https:\/\/giteduprinas.com\/wp-content\/uploads\/2024\/07\/slideactivites-300x104.jpg 300w, https:\/\/giteduprinas.com\/wp-content\/uploads\/2024\/07\/slideactivites-1024x356.jpg 1024w, https:\/\/giteduprinas.com\/wp-content\/uploads\/2024\/07\/slideactivites-768x267.jpg 768w, https:\/\/giteduprinas.com\/wp-content\/uploads\/2024\/07\/slideactivites-1536x533.jpg 1536w, https:\/\/giteduprinas.com\/wp-content\/uploads\/2024\/07\/slideactivites-2048x711.jpg 2048w\" sizes=\"(max-width: 2560px) 100vw, 2560px\" \/>\t\t\t\t\t\t\t\t\t\t\t\t\t\t\t<\/div>\n\t\t\t\t<\/div>\n\t\t\t\t<\/div>\n\t\t<div class=\"elementor-element elementor-element-ab8ede0 e-flex e-con-boxed wpr-particle-no wpr-jarallax-no wpr-parallax-no wpr-sticky-section-no wpr-equal-height-no e-con e-parent\" data-id=\"ab8ede0\" data-element_type=\"container\" data-e-type=\"container\">\n\t\t\t\t\t<div class=\"e-con-inner\">\n\t\t\t\t<div class=\"elementor-element elementor-element-663f792 elementor-widget elementor-widget-text-editor\" data-id=\"663f792\" data-element_type=\"widget\" data-e-type=\"widget\" data-widget_type=\"text-editor.default\">\n\t\t\t\t<div class=\"elementor-widget-container\">\n\t\t\t\t\t\t\t\t\t<p data-start=\"184\" data-end=\"541\">Vous r\u00eavez de faire une pause loin du stress, de respirer l&rsquo;air pur des montagnes et de vous ressourcer dans un cadre paisible ? Bienvenue au <strong data-start=\"326\" data-end=\"344\">G\u00eete du Prinas<\/strong>, un havre de paix nich\u00e9 \u00e0 Gr\u00e9oli\u00e8res, au c\u0153ur des Alpes-Maritimes. Voici un programme sur 3 jours pour <strong data-start=\"448\" data-end=\"480\">d\u00e9connecter en pleine nature<\/strong> et profiter pleinement de tout ce que notre g\u00eete a \u00e0 offrir.<\/p><h3 data-start=\"543\" data-end=\"592\">Jour 1 : Arriv\u00e9e et reconnexion avec soi-m\u00eame<\/h3><p data-start=\"594\" data-end=\"807\">D\u00e8s votre arriv\u00e9e au <strong data-start=\"615\" data-end=\"633\">G\u00eete du Prinas<\/strong>, vous \u00eates accueilli par le calme et la beaut\u00e9 des paysages montagneux. Situ\u00e9 \u00e0 plus de 1 000 m\u00e8tres d\u2019altitude, notre g\u00eete offre une vue imprenable sur les Pr\u00e9alpes d\u2019Azur.<\/p><p data-start=\"809\" data-end=\"1119\">Apr\u00e8s votre installation, prenez le temps de savourer une <strong data-start=\"867\" data-end=\"889\">gourmandise maison<\/strong>, offerte pour bien commencer votre s\u00e9jour. Puis, offrez-vous une premi\u00e8re s\u00e9ance de <strong data-start=\"974\" data-end=\"1012\">relaxation dans notre spa privatif<\/strong>. Jacuzzi, bain nordique ou sauna selon la saison : tout est con\u00e7u pour vous aider \u00e0 rel\u00e2cher les tensions.<\/p><blockquote data-start=\"1121\" data-end=\"1231\"><p data-start=\"1123\" data-end=\"1231\"><strong data-start=\"1123\" data-end=\"1143\">Astuce bien-\u00eatre<\/strong> : laissez votre t\u00e9l\u00e9phone en mode avion, le r\u00e9seau est d\u00e9j\u00e0 loin\u2026 et c\u2019est tant mieux !<\/p><\/blockquote><h3 data-start=\"1233\" data-end=\"1272\">Jour 2 : Immersion en pleine nature<\/h3><p data-start=\"1274\" data-end=\"1554\">Le deuxi\u00e8me jour est id\u00e9al pour <strong data-start=\"1306\" data-end=\"1332\">explorer les alentours<\/strong>. Le village de Gr\u00e9oli\u00e8res regorge de sentiers de randonn\u00e9e accessibles \u00e0 tous les niveaux. Choisissez une balade vers le Pic de Courmettes, la for\u00eat domaniale ou les Gorges du Loup, pour un <strong data-start=\"1523\" data-end=\"1553\">bain de nature ressour\u00e7ant<\/strong>.<\/p><p data-start=\"1556\" data-end=\"1839\">De retour au g\u00eete, profitez d\u2019un moment de d\u00e9tente sur la terrasse, ou offrez-vous un massage sur r\u00e9servation. En soir\u00e9e, savourez un d\u00eener \u00e0 base de produits locaux (option traiteur ou recommandations de restaurants partenaires), et laissez-vous bercer par le silence des montagnes.<\/p><blockquote data-start=\"1841\" data-end=\"1936\"><p data-start=\"1843\" data-end=\"1936\"><strong data-start=\"1843\" data-end=\"1863\">\u00c0 ne pas manquer<\/strong> : le coucher de soleil depuis le g\u00eete, un spectacle naturel inoubliable.<\/p><\/blockquote><h3 data-start=\"1938\" data-end=\"1988\">Jour 3 : Matin\u00e9e zen et retour tout en douceur<\/h3><p data-start=\"1990\" data-end=\"2271\">Commencez votre dernier jour par un <strong data-start=\"2026\" data-end=\"2053\">petit-d\u00e9jeuner gourmand<\/strong> face aux montagnes. Ensuite, pourquoi ne pas pratiquer un peu de <strong data-start=\"2119\" data-end=\"2157\">yoga ou de m\u00e9ditation en plein air<\/strong> ? Le cadre s\u2019y pr\u00eate \u00e0 merveille. Vous repartez l\u2019esprit clair, le corps l\u00e9ger et le c\u0153ur plein de belles images.<\/p><p data-start=\"2273\" data-end=\"2436\">Avant votre d\u00e9part, faites un d\u00e9tour par le village de Gr\u00e9oli\u00e8res ou la station de Gr\u00e9oli\u00e8res-les-Neiges (en hiver), pour prolonger encore un peu la magie du lieu.<\/p><hr data-start=\"2438\" data-end=\"2441\" \/><h3 data-start=\"2443\" data-end=\"2519\">Le G\u00eete du Prinas : votre refuge pour un s\u00e9jour de bien-\u00eatre en montagne<\/h3><p data-start=\"2521\" data-end=\"2763\">Choisir le G\u00eete du Prinas, c\u2019est opter pour un <strong data-start=\"2568\" data-end=\"2605\">s\u00e9jour authentique et ressour\u00e7ant<\/strong>, dans un environnement pr\u00e9serv\u00e9. Que vous soyez en couple, entre amis ou en solo, notre h\u00e9bergement est id\u00e9al pour <strong data-start=\"2721\" data-end=\"2762\">d\u00e9connecter, se retrouver et respirer<\/strong>.<\/p><p data-start=\"2765\" data-end=\"2907\">R\u00e9servez d\u00e8s maintenant votre escapade bien-\u00eatre \u00e0 Gr\u00e9oli\u00e8res et venez d\u00e9couvrir un lieu o\u00f9 le temps ralentit et la nature prend soin de vous.<\/p><p data-start=\"2909\" data-end=\"3010\">\ud83d\udccd <a class=\"\" href=\"https:\/\/www.giteduprinas.com\" target=\"_new\" rel=\"noopener\" data-start=\"2912\" data-end=\"2965\">R\u00e9servez votre s\u00e9jour<\/a>\u00a0<\/p><p data-start=\"2909\" data-end=\"3010\">\ud83d\udcde <a href=\"https:\/\/giteduprinas.com\/index.php\/contact\/\">Contactez-nous<\/a> pour plus d\u2019informations<\/p>\t\t\t\t\t\t\t\t<\/div>\n\t\t\t\t<\/div>\n\t\t\t\t\t<\/div>\n\t\t\t\t<\/div>\n\t\t\t\t<\/div>\n\t\t","protected":false},"excerpt":{"rendered":"<p>Vous r\u00eavez de faire une pause loin du stress, de respirer l&rsquo;air pur des montagnes et de vous ressourcer dans un cadre paisible ? Bienvenue au G\u00eete du Prinas, un havre de paix nich\u00e9 \u00e0 Gr\u00e9oli\u00e8res, au c\u0153ur des Alpes-Maritimes. Voici un programme sur 3 jours pour d\u00e9connecter en pleine nature et profiter pleinement de tout ce que notre g\u00eete a \u00e0 offrir. Jour 1 : Arriv\u00e9e et reconnexion avec soi-m\u00eame D\u00e8s votre arriv\u00e9e au G\u00eete du Prinas, vous \u00eates accueilli par le calme et la beaut\u00e9 des paysages montagneux. Situ\u00e9 \u00e0 plus de 1 000 m\u00e8tres d\u2019altitude, notre g\u00eete offre une vue imprenable sur les Pr\u00e9alpes d\u2019Azur. Apr\u00e8s votre installation, prenez le temps de savourer une gourmandise maison, offerte pour bien commencer votre s\u00e9jour. Puis, offrez-vous une premi\u00e8re s\u00e9ance de relaxation dans notre spa privatif. Jacuzzi, bain nordique ou sauna selon la saison : tout est con\u00e7u pour vous aider \u00e0 rel\u00e2cher les tensions. Astuce bien-\u00eatre : laissez votre t\u00e9l\u00e9phone en mode avion, le r\u00e9seau est d\u00e9j\u00e0 loin\u2026 et c\u2019est tant mieux ! Jour 2 : Immersion en pleine nature Le deuxi\u00e8me jour est id\u00e9al pour explorer les alentours. Le village de Gr\u00e9oli\u00e8res regorge de sentiers de randonn\u00e9e accessibles \u00e0 tous les niveaux. Choisissez une balade vers le Pic de Courmettes, la for\u00eat domaniale ou les Gorges du Loup, pour un bain de nature ressour\u00e7ant. De retour au g\u00eete, profitez d\u2019un moment de d\u00e9tente sur la terrasse, ou offrez-vous un massage sur r\u00e9servation. En soir\u00e9e, savourez un d\u00eener \u00e0 base de produits locaux (option traiteur ou recommandations de restaurants partenaires), et laissez-vous bercer par le silence des montagnes. \u00c0 ne pas manquer : le coucher de soleil depuis le g\u00eete, un spectacle naturel inoubliable. Jour 3 : Matin\u00e9e zen et retour tout en douceur Commencez votre dernier jour par un petit-d\u00e9jeuner gourmand face aux montagnes. Ensuite, pourquoi ne pas pratiquer un peu de yoga ou de m\u00e9ditation en plein air ? Le cadre s\u2019y pr\u00eate \u00e0 merveille. Vous repartez l\u2019esprit clair, le corps l\u00e9ger et le c\u0153ur plein de belles images. Avant votre d\u00e9part, faites un d\u00e9tour par le village de Gr\u00e9oli\u00e8res ou la station de Gr\u00e9oli\u00e8res-les-Neiges (en hiver), pour prolonger encore un peu la magie du lieu. Le G\u00eete du Prinas : votre refuge pour un s\u00e9jour de bien-\u00eatre en montagne Choisir le G\u00eete du Prinas, c\u2019est opter pour un s\u00e9jour authentique et ressour\u00e7ant, dans un environnement pr\u00e9serv\u00e9. Que vous soyez en couple, entre amis ou en solo, notre h\u00e9bergement est id\u00e9al pour d\u00e9connecter, se retrouver et respirer. R\u00e9servez d\u00e8s maintenant votre escapade bien-\u00eatre \u00e0 Gr\u00e9oli\u00e8res et venez d\u00e9couvrir un lieu o\u00f9 le temps ralentit et la nature prend soin de vous. \ud83d\udccd R\u00e9servez votre s\u00e9jour\u00a0 \ud83d\udcde Contactez-nous pour plus d\u2019informations<\/p>\n","protected":false},"author":1,"featured_media":2582,"comment_status":"open","ping_status":"open","sticky":false,"template":"","format":"standard","meta":{"footnotes":""},"categories":[1],"tags":[],"class_list":["post-3069","post","type-post","status-publish","format-standard","has-post-thumbnail","hentry","category-non-classe"],"_links":{"self":[{"href":"https:\/\/giteduprinas.com\/index.php\/wp-json\/wp\/v2\/posts\/3069","targetHints":{"allow":["GET"]}}],"collection":[{"href":"https:\/\/giteduprinas.com\/index.php\/wp-json\/wp\/v2\/posts"}],"about":[{"href":"https:\/\/giteduprinas.com\/index.php\/wp-json\/wp\/v2\/types\/post"}],"author":[{"embeddable":true,"href":"https:\/\/giteduprinas.com\/index.php\/wp-json\/wp\/v2\/users\/1"}],"replies":[{"embeddable":true,"href":"https:\/\/giteduprinas.com\/index.php\/wp-json\/wp\/v2\/comments?post=3069"}],"version-history":[{"count":3,"href":"https:\/\/giteduprinas.com\/index.php\/wp-json\/wp\/v2\/posts\/3069\/revisions"}],"predecessor-version":[{"id":3072,"href":"https:\/\/giteduprinas.com\/index.php\/wp-json\/wp\/v2\/posts\/3069\/revisions\/3072"}],"wp:featuredmedia":[{"embeddable":true,"href":"https:\/\/giteduprinas.com\/index.php\/wp-json\/wp\/v2\/media\/2582"}],"wp:attachment":[{"href":"https:\/\/giteduprinas.com\/index.php\/wp-json\/wp\/v2\/media?parent=3069"}],"wp:term":[{"taxonomy":"category","embeddable":true,"href":"https:\/\/giteduprinas.com\/index.php\/wp-json\/wp\/v2\/categories?post=3069"},{"taxonomy":"post_tag","embeddable":true,"href":"https:\/\/giteduprinas.com\/index.php\/wp-json\/wp\/v2\/tags?post=3069"}],"curies":[{"name":"wp","href":"https:\/\/api.w.org\/{rel}","templated":true}]}}